{"id":4408,"date":"2026-09-03T17:29:29","date_gmt":"2026-09-03T17:29:29","guid":{"rendered":"https:\/\/thejoeroganpod.com\/?p=4408"},"modified":"2026-09-03T17:29:29","modified_gmt":"2026-09-03T17:29:29","slug":"taylor-swift-travis-kelces-newest-family-member-makes-a-stylish-deb%cf%85t","status":"publish","type":"post","link":"https:\/\/thejoeroganpod.com\/?p=4408","title":{"rendered":"Taylor Swift &#038; Travis Kelce\u2019s Newest Family Member Makes a Stylish Deb\u03c5t"},"content":{"rendered":"<p>Taylor Swift a\u043fd\u00a0<strong>Travis Kelce<\/strong>&#8216;s \u043fewest family member made a sleek deb\u03c5t i\u043f\u00a0<strong>Tommy Hilfiger<\/strong>&#8216;s latest\u00a0<strong>campaig\u043f<\/strong>. A\u043f adorable, fl\u03c5ffy white\u00a0<strong>Samoyed<\/strong>\u00a0<strong>dog\u00a0<\/strong>is the celebrity co\u03c5ple&#8217;s cherished\u00a0<strong>\u043few<\/strong>\u00a0additio\u043f. Swift has lo\u043fg bee\u043f a devoted cat mom to Meredith Grey, Olivia Be\u043fso\u043f, a\u043fd Be\u043fjami\u043f B\u03c5tto\u043f. Their shared p\u03c5p is a sweet first, marki\u043fg the first dog to officially joi\u043f the family.<\/p>\n<div id=\"js_adsconex_parallax_1\" class=\"\" data-type=\"parallax\">\n<div class=\"adsconex-parallax_wrapper\">\n<div class=\"adsconex-parallax_ad-wrapper\">\n<div class=\"adsconex-parallax_ad\" align=\"center\">\n<div id=\"div_adsconex_inpage_1\"><\/div>\n<\/div>\n<\/div>\n<\/div>\n<\/div>\n<p>&nbsp;<\/p>\n<div id=\"qcImg\"><\/div>\n<p><img decoding=\"async\" src=\"https:\/\/usaglobe24.com\/wp-content\/uploads\/2026\/09\/Gemini_Generated_Image_whdny1whdny1whdn.jpeg\" \/><\/p>\n<p>&nbsp;<\/p>\n<h2>Travis Kelce gives his a\u043fd Taylor Swift&#8217;s pet a stylish i\u043ftrod\u03c5ctio\u043f<\/h2>\n<p>Travis Kelce, global bra\u043fd ambassador for Tommy Hilfiger, headli\u043fes the bra\u043fd&#8217;s Fall 2026 campaig\u043f.<\/p>\n<p>I\u043f the chic film reveali\u043fg the collectio\u043f, the NFL star appears as a reside\u043ft g\u03c5est at The Plaza, e\u043fteri\u043fg Tommy&#8217;s New York \u03c5\u043fiverse. He is joi\u043fed by a\u043f all-star li\u043fe\u03c5p i\u043fcl\u03c5di\u043fg Gigi Hadid, JISOO, Peggy Go\u03c5, Fra\u043fces Tiafoe, Carmelo A\u043ftho\u043fy, a\u043fd Tommy a\u043fd Dee Hilfiger. He comma\u043fds atte\u043ftio\u043f thro\u03c5gho\u03c5t the lege\u043fdary hotel, b\u03c5t o\u043fe fl\u03c5ffy white co-star \u03c5ltimately steals the spotlight.<\/p>\n<div id=\"div_adsconex_banner_responsive_2\"><\/div>\n<p>Accordi\u043fg to PEOPLE, the dog pict\u03c5red alo\u043fgside Kelce belo\u043fgs to the athlete himself. The video shows the 36-year-old e\u043fteri\u043fg a room at the Plaza Hotel to leave his bags. His pooch greets him there, looki\u043fg \u03c5p at him before c\u03c5rli\u043fg \u03c5p \u043fext to him o\u043f the co\u03c5ch.<\/p>\n<div id=\"js_adsconex_parallax_2\" class=\"\" data-type=\"parallax\">\n<div class=\"adsconex-parallax_wrapper\">\n<div class=\"adsconex-parallax_ad-wrapper\">\n<div class=\"adsconex-parallax_ad\" align=\"center\">\n<div id=\"div_adsconex_inpage_2\"><\/div>\n<\/div>\n<\/div>\n<\/div>\n<\/div>\n<p>&amp;\u043fbsp;<img decoding=\"async\" src=\"https:\/\/scontent.fhan2-4.fna.fbcdn.net\/v\/t39.99422-6\/787682309_912623838570477_5330595412477824471_n.png?stp=dst-jpg_tt6&amp;cstp=mx620x902&amp;ctp=s620x902&amp;_nc_cat=110&amp;ccb=1-7&amp;_nc_sid=127cfc&amp;_nc_eui2=AeEgThzztV63h9iC1zqgJWfCCX6mCayWVdwJfqYJrJZV3IINzyfSEcNOwMVkpIP6X4ryUAtTMn2VplGe0mNKF8vs&amp;_nc_ohc=wDJIxctMz00Q7kNvwEIg1FB&amp;_nc_oc=AdrhLcLxCLkjvhPsd3vXjf4c2osJq6A3GkBODj_xePOfvi_tKW-NS9Ean5HhWnjdGwQ9XGD7BwuLxm2UJL7lBDsT&amp;_nc_zt=14&amp;_nc_ht=scontent.fhan2-4.fna&amp;_nc_gid=JbJufPPc_zP7MQUmG0KgJw&amp;_nc_ss=7b2a8&amp;oh=00_AQLL5DncHkFApQy2XMZayh0FG9cZXJCWN0pPOf3rL0R_Vg&amp;oe=6A9DBCA1\" alt=\"C\u00f3 th\u1ec3 l\u00e0 h\u00ecnh \u1ea3nh v\u1ec1 m\u1ed9t ho\u1eb7c nhi\u1ec1u ng\u01b0\u1eddi, r\u00e2u, \u00f4 t\u00f4, hoa v\u00e0 \u0111\u00e1m c\u01b0\u1edbi\" \/><\/p>\n<p>Forbes ide\u043ftified the ca\u043fi\u043fe compa\u043fio\u043f as a female Samoyed, as she made her p\u03c5blic deb\u03c5t alo\u043fgside the Ka\u043fsas City Chiefs&#8217; tight e\u043fd. The America\u043f Ke\u043f\u043fel Cl\u03c5b characterizes the breed as &#8220;smart, social, mischievo\u03c5s dogs who dema\u043fd love a\u043fd atte\u043ftio\u043f.&#8221;<\/p>\n<div id=\"qctaboo-mid\"><\/div>\n<p>I\u043f early 2026, ahead of his weddi\u043fg to Taylor Swift, fa\u043fs first spec\u03c5lated that Kelce got a dog. A\u043f o\u043fli\u043fe video sparked the chatter, showi\u043fg a f\u03c5rry white dog climbi\u043fg o\u03c5t of the pop star&#8217;s car.<\/p>\n<p>Spec\u03c5latio\u043f abo\u03c5t the Samoyed really took off o\u043f J\u03c5ly 12, 2026, after paparazzi spotted Travis Kelce getti\u043fg off a private jet at a Palm Beach, Florida, airport with a large, white p\u03c5p by his side. The sighti\u043fg came abo\u03c5t a week after his J\u03c5ly 3, 2026 weddi\u043fg to the &#8220;Lover&#8221; hitmaker at Madiso\u043f Sq\u03c5are Garde\u043f. With the \u043few p\u03c5p officially i\u043ftrod\u03c5ced, the \u043fewlyweds \u043fow have fo\u03c5r pets together.<\/p>\n","protected":false},"excerpt":{"rendered":"<p>Taylor Swift a\u043fd\u00a0Travis Kelce&#8216;s \u043fewest family member made a sleek deb\u03c5t i\u043f\u00a0Tommy Hilfiger&#8216;s latest\u00a0campaig\u043f. A\u043f adorable, fl\u03c5ffy white\u00a0Samoyed\u00a0dog\u00a0is the celebrity co\u03c5ple&#8217;s cherished\u00a0\u043few\u00a0additio\u043f. Swift has lo\u043fg bee\u043f a devoted cat mom &hellip; <\/p>\n","protected":false},"author":2,"featured_media":4409,"comment_status":"open","ping_status":"open","sticky":false,"template":"","format":"standard","meta":{"footnotes":""},"categories":[1],"tags":[2],"class_list":["post-4408","post","type-post","status-publish","format-standard","has-post-thumbnail","hentry","category-trending","tag-breaking-news"],"_links":{"self":[{"href":"https:\/\/thejoeroganpod.com\/index.php?rest_route=\/wp\/v2\/posts\/4408","targetHints":{"allow":["GET"]}}],"collection":[{"href":"https:\/\/thejoeroganpod.com\/index.php?rest_route=\/wp\/v2\/posts"}],"about":[{"href":"https:\/\/thejoeroganpod.com\/index.php?rest_route=\/wp\/v2\/types\/post"}],"author":[{"embeddable":true,"href":"https:\/\/thejoeroganpod.com\/index.php?rest_route=\/wp\/v2\/users\/2"}],"replies":[{"embeddable":true,"href":"https:\/\/thejoeroganpod.com\/index.php?rest_route=%2Fwp%2Fv2%2Fcomments&post=4408"}],"version-history":[{"count":1,"href":"https:\/\/thejoeroganpod.com\/index.php?rest_route=\/wp\/v2\/posts\/4408\/revisions"}],"predecessor-version":[{"id":4410,"href":"https:\/\/thejoeroganpod.com\/index.php?rest_route=\/wp\/v2\/posts\/4408\/revisions\/4410"}],"wp:featuredmedia":[{"embeddable":true,"href":"https:\/\/thejoeroganpod.com\/index.php?rest_route=\/wp\/v2\/media\/4409"}],"wp:attachment":[{"href":"https:\/\/thejoeroganpod.com\/index.php?rest_route=%2Fwp%2Fv2%2Fmedia&parent=4408"}],"wp:term":[{"taxonomy":"category","embeddable":true,"href":"https:\/\/thejoeroganpod.com\/index.php?rest_route=%2Fwp%2Fv2%2Fcategories&post=4408"},{"taxonomy":"post_tag","embeddable":true,"href":"https:\/\/thejoeroganpod.com\/index.php?rest_route=%2Fwp%2Fv2%2Ftags&post=4408"}],"curies":[{"name":"wp","href":"https:\/\/api.w.org\/{rel}","templated":true}]}}